{"id":1159,"date":"2017-02-27T09:09:33","date_gmt":"2017-02-27T06:09:33","guid":{"rendered":"http:\/\/www.foreignpolicyandpeace.org\/?p=1159"},"modified":"2022-05-17T16:23:50","modified_gmt":"2022-05-17T13:23:50","slug":"bugs-semineri-e-b-elci-onur-gokce-b-elci-fazli-corman","status":"publish","type":"post","link":"https:\/\/www.foreignpolicyandpeace.org\/index.php\/tr\/2017\/02\/bugs-semineri-e-b-elci-onur-gokce-b-elci-fazli-corman\/","title":{"rendered":"BUGS Semineri: E.B.El\u00e7i Onur G\u00f6k\u00e7e &#038; B.El\u00e7i Fazl\u0131 \u00c7orman"},"content":{"rendered":"<p style=\"text-align: justify;\">16 \u015eubat 2017 tarihinde Bilkent Otel\u2019de ger\u00e7ekle\u015ftirdi\u011fimiz Bilkent Uluslararas\u0131 G\u00fcvenlik ve Strateji Seminerleri (BUGSS) \u00e7er\u00e7evesinde Emekli B\u00fcy\u00fckel\u00e7i Onur G\u00f6k\u00e7e, ve D\u0131\u015f \u0130\u015fleri Bakanl\u0131\u011f\u0131 G\u00fcney Asya Genel M\u00fcd\u00fcr\u00fc B\u00fcy\u00fckel\u00e7i Fazl\u0131 \u00c7orman, &#8220;Turkish Foreign Policy towards the Middle East: Conventional and the New&#8221; ba\u015fl\u0131kl\u0131 bir konu\u015fma ger\u00e7ekle\u015ftirdi.<br \/>\nE. B\u00fcy\u00fckel\u00e7i G\u00f6k\u00e7e, geleneksel T\u00fcrk d\u0131\u015f politikas\u0131n\u0131n olu\u015fumuna ve dayand\u0131\u011f\u0131 ilkelere de\u011finmi\u015f, tarih boyunca ge\u00e7irdi\u011fi de\u011fi\u015fimleri \u00f6zellikle Orta Do\u011fu\u2019ya y\u00f6nelik olarak ele alm\u0131\u015ft\u0131r. B\u00f6lgede s\u00fcregelen de\u011fi\u015fim r\u00fczgar\u0131na kar\u015f\u0131n reel politik bir perspektife dayal\u0131 baz\u0131 de\u011fi\u015fiklikler yapmadan geleneksel d\u0131\u015f politikan\u0131n s\u00fcrd\u00fcr\u00fclmesinin m\u00fcmk\u00fcn olmad\u0131\u011f\u0131n\u0131 belirtmi\u015f, nas\u0131l y\u00f6netildi\u011finin ise daha \u00f6nemli oldu\u011funu vurgulam\u0131\u015ft\u0131r.<br \/>\n\u0130kinci b\u00f6l\u00fcmde B\u00fcy\u00fckel\u00e7i \u00c7orman, b\u00f6lgedeki de\u011fi\u015fim r\u00fczgar\u0131n\u0131n kendili\u011finden geli\u015fti\u011fini belirterek, \u00f6zellikle temel d\u0131\u015f politika ilkelerinin hala ge\u00e7erli oldu\u011funa de\u011finmi\u015ftir. B.El\u00e7i \u00c7orman, T\u00fcrkiye&#8217;nin Suriye, Irak, M\u0131s\u0131r, \u0130srail, \u0130ran ve K\u00f6rfez \u00fclkeleri ve Yemen\u2019e y\u00f6nelik tutumunu \u00f6zetleyerek konu\u015fmas\u0131n\u0131 tamamlamadan \u00f6nce, bu karma\u015f\u0131k ortamdaki geli\u015fmelerin, b\u00f6lgede istikrar\u0131 hedefleyen T\u00fcrkiye&#8217;nin\u00a0d\u0131\u015f politikas\u0131 \u00fczerindeki etkilerini anlatm\u0131\u015ft\u0131r.<\/p>\n<div class=\"owl_slider slider-large content-sliders owl-carousel builder_slider\">\n<div class=\"item_slide\"><a class=\"feature-link\" href=\"https:\/\/www.foreignpolicyandpeace.org\/wp-content\/uploads\/2017\/02\/DSC01304.jpg\"><img decoding=\"async\" src=\"https:\/\/www.foreignpolicyandpeace.org\/wp-content\/uploads\/2017\/02\/DSC01304\" \/><\/a><div class=\"item_slide_caption shortcode_slider\"><h1><\/h1><\/div><\/div>\n<div class=\"item_slide\"><a class=\"feature-link\" href=\"https:\/\/www.foreignpolicyandpeace.org\/wp-content\/uploads\/2017\/02\/DSC01298.jpg\"><img decoding=\"async\" src=\"https:\/\/www.foreignpolicyandpeace.org\/wp-content\/uploads\/2017\/02\/DSC01298.jpg\" \/><\/a><div class=\"item_slide_caption shortcode_slider\"><h1> <\/h1><\/div><\/div><div class=\"item_slide\"><a class=\"feature-link\" href=\"https:\/\/www.foreignpolicyandpeace.org\/wp-content\/uploads\/2017\/02\/DSC01296.jpg\"><img decoding=\"async\" src=\"https:\/\/www.foreignpolicyandpeace.org\/wp-content\/uploads\/2017\/02\/DSC01296.jpg\" \/><\/a><div class=\"item_slide_caption shortcode_slider\"><h1> <\/h1><\/div><\/div><div class=\"item_slide\"><a class=\"feature-link\" href=\"https:\/\/www.foreignpolicyandpeace.org\/wp-content\/uploads\/2017\/02\/DSC01295.jpg\"><img decoding=\"async\" src=\"https:\/\/www.foreignpolicyandpeace.org\/wp-content\/uploads\/2017\/02\/DSC01295.jpg\" \/><\/a><div class=\"item_slide_caption shortcode_slider\"><h1> <\/h1><\/div><\/div>\n<\/div>\n","protected":false},"excerpt":{"rendered":"<p>16 \u015eubat 2017 tarihinde Bilkent Otel\u2019de ger\u00e7ekle\u015ftirdi\u011fimiz Bilkent Uluslararas\u0131 G\u00fcvenlik ve Strateji Seminerleri (BUGSS) \u00e7er\u00e7evesinde Emekli B\u00fcy\u00fckel\u00e7i Onur G\u00f6k\u00e7e, ve D\u0131\u015f \u0130\u015fleri Bakanl\u0131\u011f\u0131 G\u00fcney Asya Genel M\u00fcd\u00fcr\u00fc B\u00fcy\u00fckel\u00e7i Fazl\u0131 \u00c7orman, [&hellip;]<\/p>\n","protected":false},"author":2,"featured_media":1165,"comment_status":"closed","ping_status":"closed","sticky":false,"template":"","format":"standard","meta":{"_monsterinsights_skip_tracking":false,"_monsterinsights_sitenote_active":false,"_monsterinsights_sitenote_note":"","_monsterinsights_sitenote_category":0,"footnotes":""},"categories":[49],"tags":[],"class_list":["post-1159","post","type-post","status-publish","format-standard","has-post-thumbnail","hentry","category-bugss"],"post_mailing_queue_ids":[],"_links":{"self":[{"href":"https:\/\/www.foreignpolicyandpeace.org\/index.php\/wp-json\/wp\/v2\/posts\/1159","targetHints":{"allow":["GET"]}}],"collection":[{"href":"https:\/\/www.foreignpolicyandpeace.org\/index.php\/wp-json\/wp\/v2\/posts"}],"about":[{"href":"https:\/\/www.foreignpolicyandpeace.org\/index.php\/wp-json\/wp\/v2\/types\/post"}],"author":[{"embeddable":true,"href":"https:\/\/www.foreignpolicyandpeace.org\/index.php\/wp-json\/wp\/v2\/users\/2"}],"replies":[{"embeddable":true,"href":"https:\/\/www.foreignpolicyandpeace.org\/index.php\/wp-json\/wp\/v2\/comments?post=1159"}],"version-history":[{"count":0,"href":"https:\/\/www.foreignpolicyandpeace.org\/index.php\/wp-json\/wp\/v2\/posts\/1159\/revisions"}],"wp:featuredmedia":[{"embeddable":true,"href":"https:\/\/www.foreignpolicyandpeace.org\/index.php\/wp-json\/wp\/v2\/media\/1165"}],"wp:attachment":[{"href":"https:\/\/www.foreignpolicyandpeace.org\/index.php\/wp-json\/wp\/v2\/media?parent=1159"}],"wp:term":[{"taxonomy":"category","embeddable":true,"href":"https:\/\/www.foreignpolicyandpeace.org\/index.php\/wp-json\/wp\/v2\/categories?post=1159"},{"taxonomy":"post_tag","embeddable":true,"href":"https:\/\/www.foreignpolicyandpeace.org\/index.php\/wp-json\/wp\/v2\/tags?post=1159"}],"curies":[{"name":"wp","href":"https:\/\/api.w.org\/{rel}","templated":true}]}}