{"id":1783,"date":"2018-10-10T16:36:17","date_gmt":"2018-10-10T13:36:17","guid":{"rendered":"http:\/\/www.foreignpolicyandpeace.org\/?p=1783"},"modified":"2022-05-17T16:22:36","modified_gmt":"2022-05-17T13:22:36","slug":"21-yuzyilda-turkiye-savunma-sanayisi","status":"publish","type":"post","link":"https:\/\/www.foreignpolicyandpeace.org\/index.php\/tr\/2018\/10\/21-yuzyilda-turkiye-savunma-sanayisi\/","title":{"rendered":"\u00c7al\u0131\u015ftay: 21. Y\u00fczy\u0131lda T\u00fcrkiye Savunma Sanayisi"},"content":{"rendered":"<p>D\u0131\u015f Politika ve Bar\u0131\u015f Ara\u015ft\u0131rmalar\u0131 Merkezi, 5 Ekim 2018 tarihinde Bilkent \u00dcniversitesi&#8217;nde &#8220;21. Y\u00fczy\u0131lda T\u00fcrkiye Savunma Sanayii&#8221; \u00fczerine bir \u00e7al\u0131\u015ftay d\u00fczenlemi\u015ftir. T\u00fcrkiye&#8217;de savunma sanayi geli\u015fiminin ve dinamiklerinin ortaya \u00e7\u0131kar\u0131lmas\u0131 ve sanayile\u015fmenin d\u0131\u015f politika, b\u00fcy\u00fck strateji ve askeri g\u00fcce olan etkilerini incelemek amac\u0131yla yap\u0131lan etkinlikteki kat\u0131l\u0131mc\u0131lar:<\/p>\n<p>Prof. Dr. J\u00fclide Y\u0131ld\u0131r\u0131m \u00d6cal, TED \u00dcniversitesi<br \/>\nProf. Dr. Serhat G\u00fcven\u00e7, Kadir Has \u00dcniversitesi<br \/>\nYrd. Do\u00e7. Dr. S\u0131tk\u0131 Egeli, \u0130zmir Ekonomi \u00dcniversitesi<br \/>\nYrd. Do\u00e7. Dr. Merve Seren, Ankara Y\u0131ld\u0131r\u0131m Beyaz\u0131t \u00dcniversitesi<br \/>\nArda Mevluto\u011flu, Ba\u011f\u0131ms\u0131z Ara\u015ft\u0131rmac\u0131<br \/>\nDr. \u00c7a\u011flar Kur\u00e7, \u00a0D\u0131\u015f Politika ve Bar\u0131\u015f Ara\u015ft\u0131rmalar\u0131 Merkezi<\/p>\n<div class=\"owl_slider slider-large content-sliders owl-carousel builder_slider\">\n<div class=\"item_slide\"><a class=\"feature-link\" href=\"LINK_IMAGE\"><img decoding=\"async\" src=\"https:\/\/www.foreignpolicyandpeace.org\/wp-content\/uploads\/2018\/10\/IMG_7178-e1539611917847.jpeg\" \/><\/a><div class=\"item_slide_caption shortcode_slider\"><h1>\u00a0 <\/h1><\/div><\/div>\n<div class=\"item_slide\"><a class=\"feature-link\" href=\"https:\/\/www.foreignpolicyandpeace.org\/wp-content\/uploads\/2018\/10\/IMG_7176-e1539611890437.jpeg\"><img decoding=\"async\" src=\"https:\/\/www.foreignpolicyandpeace.org\/wp-content\/uploads\/2018\/10\/IMG_7176-e1539611890437.jpeg\" \/><\/a><div class=\"item_slide_caption shortcode_slider\"><h1> <\/h1><\/div><\/div>\n<\/div>\n","protected":false},"excerpt":{"rendered":"<p>D\u0131\u015f Politika ve Bar\u0131\u015f Ara\u015ft\u0131rmalar\u0131 Merkezi, 5 Ekim 2018 tarihinde Bilkent \u00dcniversitesi&#8217;nde &#8220;21. Y\u00fczy\u0131lda T\u00fcrkiye Savunma Sanayii&#8221; \u00fczerine bir \u00e7al\u0131\u015ftay d\u00fczenlemi\u015ftir. T\u00fcrkiye&#8217;de savunma sanayi geli\u015fiminin ve dinamiklerinin ortaya \u00e7\u0131kar\u0131lmas\u0131 ve [&hellip;]<\/p>\n","protected":false},"author":2,"featured_media":1787,"comment_status":"closed","ping_status":"closed","sticky":false,"template":"","format":"standard","meta":{"_monsterinsights_skip_tracking":false,"_monsterinsights_sitenote_active":false,"_monsterinsights_sitenote_note":"","_monsterinsights_sitenote_category":0,"footnotes":""},"categories":[55,36],"tags":[],"class_list":["post-1783","post","type-post","status-publish","format-standard","has-post-thumbnail","hentry","category-calistay-ve-konferanslar","category-etkinlikler"],"post_mailing_queue_ids":[],"_links":{"self":[{"href":"https:\/\/www.foreignpolicyandpeace.org\/index.php\/wp-json\/wp\/v2\/posts\/1783","targetHints":{"allow":["GET"]}}],"collection":[{"href":"https:\/\/www.foreignpolicyandpeace.org\/index.php\/wp-json\/wp\/v2\/posts"}],"about":[{"href":"https:\/\/www.foreignpolicyandpeace.org\/index.php\/wp-json\/wp\/v2\/types\/post"}],"author":[{"embeddable":true,"href":"https:\/\/www.foreignpolicyandpeace.org\/index.php\/wp-json\/wp\/v2\/users\/2"}],"replies":[{"embeddable":true,"href":"https:\/\/www.foreignpolicyandpeace.org\/index.php\/wp-json\/wp\/v2\/comments?post=1783"}],"version-history":[{"count":0,"href":"https:\/\/www.foreignpolicyandpeace.org\/index.php\/wp-json\/wp\/v2\/posts\/1783\/revisions"}],"wp:featuredmedia":[{"embeddable":true,"href":"https:\/\/www.foreignpolicyandpeace.org\/index.php\/wp-json\/wp\/v2\/media\/1787"}],"wp:attachment":[{"href":"https:\/\/www.foreignpolicyandpeace.org\/index.php\/wp-json\/wp\/v2\/media?parent=1783"}],"wp:term":[{"taxonomy":"category","embeddable":true,"href":"https:\/\/www.foreignpolicyandpeace.org\/index.php\/wp-json\/wp\/v2\/categories?post=1783"},{"taxonomy":"post_tag","embeddable":true,"href":"https:\/\/www.foreignpolicyandpeace.org\/index.php\/wp-json\/wp\/v2\/tags?post=1783"}],"curies":[{"name":"wp","href":"https:\/\/api.w.org\/{rel}","templated":true}]}}